{"id":3476,"date":"2017-04-22T08:30:55","date_gmt":"2017-04-22T08:30:55","guid":{"rendered":"http:\/\/prodhuesit.org\/?p=3476"},"modified":"2017-06-12T13:58:16","modified_gmt":"2017-06-12T13:58:16","slug":"prodhuesit-shqiptare-kerkojne-unifikim-ekonomik-shqiperi-kosove","status":"publish","type":"post","link":"https:\/\/www.prodhuesit.org\/?p=3476","title":{"rendered":"Prodhuesit shqiptar\u00eb k\u00ebrkojn\u00eb unifikim ekonomik Shqip\u00ebri-Kosov\u00eb"},"content":{"rendered":"<p>Sot m\u00eb dat\u00eb 21 prill 2017, u organizua n\u00eb qytetin e Pej\u00ebs n\u00eb Kosov\u00eb &#8220;Forumi Ekonomik i Prodhuesve Shqiptar\u00eb dhe AlbExpo 2017&#8221;, ku mor\u00ebn pjes\u00eb sip\u00ebrmarr\u00ebs prodhues nga Shqip\u00ebria, Kosova dhe Maqedonia Veri-Perendimore si dhe personalitete t\u00eb larta t\u00eb tre vendeve respektive. Ky Forum u organizua nga Klubi i Prodhuesve t\u00eb Kosov\u00ebs, Bashkimi i Prodhuesve Shqiptar\u00eb,\u00a0Oda Ekonomike e Maqedonis\u00eb Veri-Perendimore si dhe Rrjeti i Bizneseve t\u00eb Diaspor\u00ebs Shqiptare.<\/p>\n<p>Q\u00ebllimi i mbajtjes s\u00eb k\u00ebtij forumi ishte promovimi i l\u00ebvizjes s\u00eb lir\u00eb t\u00eb mallrave, sh\u00ebrbimeve dhe kapitalit, pjes\u00ebmarrja n\u00eb projekte t\u00eb p\u00ebrbashk\u00ebta Cross-Border, monitorimi i tregtis\u00eb mes tre vendeve si dhe promovimi i produkteve shqiptare.<\/p>\n<p>Nj\u00eb nga k\u00ebrkesat kryesore t\u00eb prodhuesve shqiptar\u00eb q\u00eb mor\u00ebn pjes\u00eb n\u00eb k\u00ebt\u00eb forum ishte leht\u00ebsimi i procedurave doganore p\u00ebr l\u00ebvizjen e lire t\u00eb mallrave. Z. Astrit Shabani, Drejtor Ekzekutiv i Klubit t\u00eb Prodhuesve t\u00eb Kosov\u00ebs u shpreh se tregtia e lir\u00eb po na kushton shum\u00eb shtrenjt\u00eb. Ai tha se p\u00ebr shkak t\u00eb konkurrenc\u00ebs nga vende t\u00eb tjera t\u00eb rajonit, produktet shqiptare nuk po kan\u00eb mund\u00ebsi t\u00eb dep\u00ebrtojn\u00eb dhe p\u00ebr k\u00ebt\u00eb shkak k\u00ebrkohet rishikimi i tarifave doganore dhe i CEFTA-s.<\/p>\n<p>&#8220;Eksiztojn\u00eb mjaft probleme t\u00eb tjera si standartet, procedurat dhe praktikat, por problemi yn\u00eb kryesor mbeten barrierat doganore q\u00eb ekzistojn\u00eb. Ne kemi qarkullim t\u00eb lir\u00eb t\u00eb njer\u00ebzve ndaj nuk ka arsye pse t\u00eb mos kemi qarkullim t\u00eb lir\u00eb t\u00eb mallrave&#8221;, tha z. Luan Leka, President i Bashkimit t\u00eb Prodhuesve Shqiptar\u00eb.\u00a0 Nd\u00ebrsa z. Nikolin Jaka, an\u00ebtar themelues i Bashkimit t\u00eb Prodhuesve Shqiptar\u00eb, teksa theksoi r\u00ebnd\u00ebsin\u00eb e promovimit t\u00eb produkteve shqiptare, u shpreh se ky organizim duhet t\u00eb diktoje politika t\u00eb reja doganore mes 2 vendeve, deri n\u00eb heqjen e tarifave doganore.<\/p>\n<p>Gjat\u00eb k\u00ebtij Forumi t\u00eb mbajtur n\u00eb Pej\u00eb u diskutua dhe p\u00ebr dixhitalizimin e sip\u00ebrmarrjeve prodhuese n\u00eb Shqip\u00ebri, Kosov\u00eb e Maqedoni duke vendosur n\u00eb nj\u00eb platform\u00eb t\u00eb vetme informacion p\u00ebr \u00e7do fabrike prodhuese, si nj\u00eb nga mjetet kryesore t\u00eb promovimit t\u00eb produkteve shqiptare n\u00eb tregjet e huaja.<\/p>\n<div class=\"content_slider flat\"><ul class=\"content_slider_ul\"><li class=\"content_slider_li_1\"><img fetchpriority=\"high\" decoding=\"async\" width=\"1630\" height=\"860\" src=\"https:\/\/www.prodhuesit.org\/wp-content\/uploads\/2017\/04\/20170421_112515-1630x860.jpg\" class=\"scale-with-grid wp-post-image\" alt=\"\" \/><\/li><li class=\"content_slider_li_2\"><img decoding=\"async\" width=\"1630\" height=\"860\" src=\"https:\/\/www.prodhuesit.org\/wp-content\/uploads\/2017\/04\/20170421_110604-1630x860.jpg\" class=\"scale-with-grid wp-post-image\" alt=\"\" \/><\/li><li class=\"content_slider_li_3\"><img decoding=\"async\" width=\"1630\" height=\"860\" src=\"https:\/\/www.prodhuesit.org\/wp-content\/uploads\/2017\/04\/3-1630x860.jpg\" class=\"scale-with-grid wp-post-image\" alt=\"\" \/><\/li><li class=\"content_slider_li_4\"><img loading=\"lazy\" decoding=\"async\" width=\"1630\" height=\"860\" src=\"https:\/\/www.prodhuesit.org\/wp-content\/uploads\/2017\/04\/4-1630x860.jpg\" class=\"scale-with-grid wp-post-image\" alt=\"\" \/><\/li><li class=\"content_slider_li_5\"><img loading=\"lazy\" decoding=\"async\" width=\"1630\" height=\"860\" src=\"https:\/\/www.prodhuesit.org\/wp-content\/uploads\/2017\/04\/5-1630x860.jpg\" class=\"scale-with-grid wp-post-image\" alt=\"\" \/><\/li><li class=\"content_slider_li_6\"><img loading=\"lazy\" decoding=\"async\" width=\"1630\" height=\"860\" src=\"https:\/\/www.prodhuesit.org\/wp-content\/uploads\/2017\/04\/6-1630x860.jpg\" class=\"scale-with-grid wp-post-image\" alt=\"\" \/><\/li><li class=\"content_slider_li_7\"><img loading=\"lazy\" decoding=\"async\" width=\"1630\" height=\"860\" src=\"https:\/\/www.prodhuesit.org\/wp-content\/uploads\/2017\/04\/7-1630x860.jpg\" class=\"scale-with-grid wp-post-image\" alt=\"\" \/><\/li><li class=\"content_slider_li_8\"><img loading=\"lazy\" decoding=\"async\" width=\"1630\" height=\"860\" src=\"https:\/\/www.prodhuesit.org\/wp-content\/uploads\/2017\/06\/A88A8684-Copy-1630x860.jpg\" class=\"scale-with-grid wp-post-image\" alt=\"\" \/><\/li><li class=\"content_slider_li_9\"><img loading=\"lazy\" decoding=\"async\" width=\"1630\" height=\"860\" src=\"https:\/\/www.prodhuesit.org\/wp-content\/uploads\/2017\/06\/A88A8779-Copy-1630x860.jpg\" class=\"scale-with-grid wp-post-image\" alt=\"\" \/><\/li><li class=\"content_slider_li_10\"><img loading=\"lazy\" decoding=\"async\" width=\"1630\" height=\"860\" src=\"https:\/\/www.prodhuesit.org\/wp-content\/uploads\/2017\/06\/A88A8306-Copy-1630x860.jpg\" class=\"scale-with-grid wp-post-image\" alt=\"\" \/><\/li><\/ul><div class=\"slider_pager slider_pagination\"><\/div><\/div>\n\n","protected":false},"excerpt":{"rendered":"<p>Sot m\u00eb dat\u00eb 21 prill 2017, u organizua n\u00eb qytetin e Pej\u00ebs n\u00eb Kosov\u00eb &#8220;Forumi Ekonomik i Prodhuesve Shqiptar\u00eb dhe<span class=\"excerpt-hellip\"> [\u2026]<\/span><\/p>\n","protected":false},"author":2,"featured_media":3884,"comment_status":"closed","ping_status":"closed","sticky":false,"template":"","format":"standard","meta":{"_eb_attr":"","footnotes":""},"categories":[11],"tags":[],"class_list":["post-3476","post","type-post","status-publish","format-standard","has-post-thumbnail","hentry","category-aktivitete"],"_links":{"self":[{"href":"https:\/\/www.prodhuesit.org\/index.php?rest_route=\/wp\/v2\/posts\/3476","targetHints":{"allow":["GET"]}}],"collection":[{"href":"https:\/\/www.prodhuesit.org\/index.php?rest_route=\/wp\/v2\/posts"}],"about":[{"href":"https:\/\/www.prodhuesit.org\/index.php?rest_route=\/wp\/v2\/types\/post"}],"author":[{"embeddable":true,"href":"https:\/\/www.prodhuesit.org\/index.php?rest_route=\/wp\/v2\/users\/2"}],"replies":[{"embeddable":true,"href":"https:\/\/www.prodhuesit.org\/index.php?rest_route=%2Fwp%2Fv2%2Fcomments&post=3476"}],"version-history":[{"count":4,"href":"https:\/\/www.prodhuesit.org\/index.php?rest_route=\/wp\/v2\/posts\/3476\/revisions"}],"predecessor-version":[{"id":3522,"href":"https:\/\/www.prodhuesit.org\/index.php?rest_route=\/wp\/v2\/posts\/3476\/revisions\/3522"}],"wp:featuredmedia":[{"embeddable":true,"href":"https:\/\/www.prodhuesit.org\/index.php?rest_route=\/wp\/v2\/media\/3884"}],"wp:attachment":[{"href":"https:\/\/www.prodhuesit.org\/index.php?rest_route=%2Fwp%2Fv2%2Fmedia&parent=3476"}],"wp:term":[{"taxonomy":"category","embeddable":true,"href":"https:\/\/www.prodhuesit.org\/index.php?rest_route=%2Fwp%2Fv2%2Fcategories&post=3476"},{"taxonomy":"post_tag","embeddable":true,"href":"https:\/\/www.prodhuesit.org\/index.php?rest_route=%2Fwp%2Fv2%2Ftags&post=3476"}],"curies":[{"name":"wp","href":"https:\/\/api.w.org\/{rel}","templated":true}]}}