{"id":3646,"date":"2017-05-08T14:00:13","date_gmt":"2017-05-08T14:00:13","guid":{"rendered":"http:\/\/prodhuesit.org\/?p=3646"},"modified":"2017-05-10T08:10:21","modified_gmt":"2017-05-10T08:10:21","slug":"3646","status":"publish","type":"post","link":"https:\/\/www.prodhuesit.org\/?p=3646","title":{"rendered":"Mbledhja e tret\u00eb e Komitetit p\u00ebr Kordinimin e Politik\u00ebs Tregtare dhe t\u00eb Leht\u00ebsimit t\u00eb Tregtis\u00eb"},"content":{"rendered":"<p>U zhvillua m\u00eb 8 maj 2017\u00a0n\u00eb mjediset e Ministris\u00eb s\u00eb Zhvillimit Ekonomik, Turizmit, Tregtis\u00eb dhe Sip\u00ebrmarrjes,\u00a0mbledhja e radh\u00ebs e Komitetit p\u00ebr\u00a0Kordinimin e\u00a0Politik\u00ebs\u00a0Tregtare dhe t\u00eb Leht\u00ebsimit t\u00eb Tregtis\u00eb,\u00a0nj\u00eb grup nd\u00ebrinstitucional\u00a0q\u00eb drejtohet nga Ministrja e Ekonomis\u00eb, znj Milva Ekonomi. Pjes\u00eb e k\u00ebtij Komiteti \u00ebsht\u00eb edhe Bashkimi i Prodhuesve Shqiptar\u00eb.<\/p>\n<p>Kjo \u00ebsht\u00eb mbledhja e tret\u00eb e k\u00ebtij komiteti, nj\u00eb nga q\u00ebllimet e t\u00eb cilit \u00ebsht\u00eb t\u00eb adresoj\u00eb dhe zgjidh\u00eb problematikat q\u00eb bizneset hasin p\u00ebr \u00e7\u00ebshtjet e tregtis\u00eb edhe sidomos t\u00eb eksportit t\u00eb produkteve t\u00eb tyre jasht\u00eb Shqip\u00ebris\u00eb.<\/p>\n<p>Temat kryesore t\u00eb diskutuara n\u00eb k\u00ebt\u00eb takim t\u00eb radh\u00ebs ishin:<\/p>\n<p>&#8211;\u00a0\u00a0\u00a0\u00a0\u00a0\u00a0\u00a0\u00a0\u00a0\u00a0Prezantimi i website t\u00eb Komitetit t\u00eb Leht\u00ebsimit t\u00eb Tregtis\u00eb;<\/p>\n<p>&#8211;\u00a0\u00a0\u00a0\u00a0\u00a0\u00a0\u00a0\u00a0\u00a0\u00a0Prezantimi i studimit p\u00ebr barrierat teknike n\u00eb tregti p\u00ebr produkte bujq\u00ebsore t\u00eb destinuara n\u00eb export;<\/p>\n<p>&#8211;\u00a0\u00a0\u00a0\u00a0\u00a0\u00a0\u00a0\u00a0\u00a0\u00a0Kapacitetet administrative t\u00eb Sekretariatit Teknik;<\/p>\n<p>&#8211;\u00a0\u00a0\u00a0\u00a0\u00a0\u00a0\u00a0\u00a0\u00a0\u00a0Masat\/hapat p\u00ebr leht\u00ebsimin e eksporteve t\u00eb qum\u00ebshtit;<\/p>\n<p>&#8211;\u00a0\u00a0\u00a0\u00a0\u00a0\u00a0\u00a0\u00a0\u00a0\u00a0Diskutimi i situat\u00ebs s\u00eb eksportit t\u00eb a\u00e7ugeve n\u00eb tregun e BE<\/p>\n<p>Ministrja Ekonomi k\u00ebrkoi q\u00eb diskutimi i temave n\u00eb Komitet t\u00eb b\u00ebhet sipas nj\u00eb plani 1 vje\u00e7ar t\u00eb menduar lidhur me problematikat kryesore t\u00eb eksporteve. T\u00eb pranishmit dhan\u00eb mendime p\u00ebr faqen\u00a0e\u00a0re t\u00eb internetit t\u00eb\u00a0Komitetit t\u00eb Leht\u00ebsimit t\u00eb Tregtis\u00eb, e cila pritet t\u00eb jet\u00eb s\u00eb shpejti online.\u00a0Ministrja Ekonomi k\u00ebrkoi q\u00eb p\u00ebrve\u00e7 informacioneve p\u00ebr eksport n\u00eb vende t\u00eb BE dhe CEFTA q\u00eb jan\u00eb m\u00eb t\u00eb qarta, t\u00eb p\u00ebrfshihet sa m\u00eb shum\u00eb informacion p\u00ebr eksport n\u00eb vende t\u00eb tjera si SHBA apo Turqi etj, n\u00eb m\u00ebnyr\u00eb q\u00eb prodhuesit t\u00eb gjejn\u00eb leht\u00ebsisht se \u00e7far\u00eb procedurash duhet t\u00eb zbatojn\u00eb q\u00eb t\u00eb eksportojn\u00eb produktin e tyre drejt nj\u00eb vendi t\u00eb caktuar.<\/p>\n","protected":false},"excerpt":{"rendered":"<p>U zhvillua m\u00eb 8 maj 2017\u00a0n\u00eb mjediset e Ministris\u00eb s\u00eb Zhvillimit Ekonomik, Turizmit, Tregtis\u00eb dhe Sip\u00ebrmarrjes,\u00a0mbledhja e radh\u00ebs e Komitetit<span class=\"excerpt-hellip\"> [\u2026]<\/span><\/p>\n","protected":false},"author":2,"featured_media":3647,"comment_status":"closed","ping_status":"closed","sticky":false,"template":"","format":"standard","meta":{"_eb_attr":"","footnotes":""},"categories":[11],"tags":[],"class_list":["post-3646","post","type-post","status-publish","format-standard","has-post-thumbnail","hentry","category-aktivitete"],"_links":{"self":[{"href":"https:\/\/www.prodhuesit.org\/index.php?rest_route=\/wp\/v2\/posts\/3646","targetHints":{"allow":["GET"]}}],"collection":[{"href":"https:\/\/www.prodhuesit.org\/index.php?rest_route=\/wp\/v2\/posts"}],"about":[{"href":"https:\/\/www.prodhuesit.org\/index.php?rest_route=\/wp\/v2\/types\/post"}],"author":[{"embeddable":true,"href":"https:\/\/www.prodhuesit.org\/index.php?rest_route=\/wp\/v2\/users\/2"}],"replies":[{"embeddable":true,"href":"https:\/\/www.prodhuesit.org\/index.php?rest_route=%2Fwp%2Fv2%2Fcomments&post=3646"}],"version-history":[{"count":4,"href":"https:\/\/www.prodhuesit.org\/index.php?rest_route=\/wp\/v2\/posts\/3646\/revisions"}],"predecessor-version":[{"id":3651,"href":"https:\/\/www.prodhuesit.org\/index.php?rest_route=\/wp\/v2\/posts\/3646\/revisions\/3651"}],"wp:featuredmedia":[{"embeddable":true,"href":"https:\/\/www.prodhuesit.org\/index.php?rest_route=\/wp\/v2\/media\/3647"}],"wp:attachment":[{"href":"https:\/\/www.prodhuesit.org\/index.php?rest_route=%2Fwp%2Fv2%2Fmedia&parent=3646"}],"wp:term":[{"taxonomy":"category","embeddable":true,"href":"https:\/\/www.prodhuesit.org\/index.php?rest_route=%2Fwp%2Fv2%2Fcategories&post=3646"},{"taxonomy":"post_tag","embeddable":true,"href":"https:\/\/www.prodhuesit.org\/index.php?rest_route=%2Fwp%2Fv2%2Ftags&post=3646"}],"curies":[{"name":"wp","href":"https:\/\/api.w.org\/{rel}","templated":true}]}}