{"id":3686,"date":"2017-05-15T09:41:14","date_gmt":"2017-05-15T09:41:14","guid":{"rendered":"http:\/\/prodhuesit.org\/?p=3686"},"modified":"2017-05-15T09:42:58","modified_gmt":"2017-05-15T09:42:58","slug":"qumeshti-i-pasterizuar-uht-qe-vjen-nga-maqedonia-do-ti-nenshtrohet-procedurave-te-hetimit","status":"publish","type":"post","link":"https:\/\/www.prodhuesit.org\/?p=3686","title":{"rendered":"Qum\u00ebshti i pasterizuar UHT q\u00eb vjen nga Maqedonia do t&#8217;i  n\u00ebnshtrohet procedurave t\u00eb hetimit"},"content":{"rendered":"<p><em>Hetim qum\u00ebshtit t\u00eb pasterizuar, UHT t\u00eb importit nga qeveria shqiptare vjen si nj\u00eb p\u00ebrgjigje kryesisht p\u00ebr importin e k\u00ebtij produkti nga Maqedonia, pasi fqinji yn\u00eb bllokoi eksportin e qum\u00ebshtit shqiptar. Prodhuesit shqiptar\u00eb k\u00ebrkojn\u00eb mb\u00ebshtetjen e shtetit p\u00ebr zbatimin e marr\u00ebveshjeve p\u00ebr treg\u00ebtin\u00eb e lir\u00eb nga shtetet fqinje dhe hulumtimin e m\u00ebnyr\u00ebs sesi vijn\u00eb n\u00eb tregun vendas produktet e importit. Mes dy shteteve kan\u00eb nisur negociatat, nd\u00ebrsa sipas ligjit antidumping, pas marrjes s\u00eb vendimit, procedurat e hetimore fillojn\u00eb pas 200 dit\u00ebsh.<\/em><\/p>\n<p>Komisioni p\u00ebr\u00a0Vler\u00ebsimin e Masave p\u00ebr Importet ka marr vendim q\u00eb Qum\u00ebshti i pasterizuar UHT, q\u00eb vjen nga Maqedonia do ti\u00a0 n\u00ebnshtrohet procedurave t\u00eb hetimit. Nj\u00eb mas\u00eb e till\u00eb, thekson Sekretari i P\u00ebrgjithsh\u00ebm i Bashkimit t\u00eb Prodhuesve Shqiptar\u00eb Arben Shkodra, vjen pasi fqinji yn\u00eb Maqedonia bllokoi eksportin e qum\u00ebshtit shqiptar.<\/p>\n<p><strong>Arben Shkodra:<\/strong><em> Maqedonia ndoshta me t\u00eb padrejt\u00eb, ndoshta me t\u00eb drejt\u00eb k\u00ebt\u00eb duhet ta tregoj\u00eb procesi ka bllokuar eksportin e qum\u00ebshtit shqiptar, me nj\u00eb arsyetim q\u00eb p\u00ebr mua nuk q\u00ebndron tek produkti dhe as tek teknologjia dhe as tek prodhuesi, por q\u00ebndron n\u00eb sistemin ton\u00eb t\u00eb p\u00ebrgjithsh\u00ebm t\u00eb gjurmueshm\u00ebris\u00eb, t\u00eb parandalimit t\u00eb s\u00ebmundjeve e me radh\u00eb.<\/em><\/p>\n<p>Prej koh\u00ebsh prodhuesit kan\u00eb ngritur shqet\u00ebsimin se p\u00ebrmes procedurave favorizohet hyrja e produkteve t\u00eb importi dhe k\u00ebrkojn\u00eb t\u00eb hulumtohet m\u00ebnyra sesi vijn\u00eb p\u00ebr tregun shqiptar mallrat e importit dhe\u00a0 zbatimi i marr\u00ebveshjeve t\u00eb treg\u00ebtis\u00eb s\u00eb lire.<\/p>\n<p><strong>Arben Shkodra<\/strong>: <em>Prodhimi vendas \u00ebsht\u00eb nj\u00eb nga gj\u00ebrat m\u00eb t\u00eb r\u00ebnd\u00ebsishme t\u00eb nj\u00eb ekonomie dhe ekonomis\u00eb ton\u00eb q\u00eb tashm\u00eb ka filluar dhe t\u00eb performoj\u00eb mir\u00eb. Ne mendojm\u00eb q\u00eb ka nevoj\u00eb p\u00ebr nj\u00eb hulumtim m\u00eb t\u00eb mir\u00eb t\u00eb m\u00ebnyr\u00ebs si importet vijn\u00eb dhe performojn\u00eb n\u00eb tregun shqiptar p\u00ebr t\u00eb par\u00eb sesi k\u00ebto marr\u00ebveshje t\u00eb tregtis\u00eb s\u00eb lir\u00eb po zbatohen dhe nga shtet e tjera.<\/em><\/p>\n<p>Vendimi p\u00ebr fillimin e hetimit\u00a0 p\u00ebr importin e qum\u00ebshtit t\u00eb pasterizuar sipas Shkodr\u00ebs \u00ebsht\u00eb nj\u00eb rikalibrim i marr\u00ebdh\u00ebnieve p\u00ebr shk\u00ebmbimet tregtare.<\/p>\n<p><strong>Arben Shkodra:<\/strong> <em>Un\u00eb nuk mendoj q\u00eb kjo \u00ebsht\u00eb prishje marr\u00ebdh\u00ebniesh, kjo i p\u00ebrket pastaj autoriteteve por edhe qeverive p\u00ebrkat\u00ebse dhe ministrive p\u00ebr tu ulur n\u00eb nj\u00eb tryez\u00eb dhe p\u00ebr t\u00eb gjetur nj\u00eb zgjidhje. Mesa di ka filluar nj\u00eb dialog.<\/em><\/p>\n<p>M\u00ebsohet se mes dy shteteve fqinje kan\u00eb filluar negociatat p\u00ebr t\u00eb qart\u00ebsuar zbatimin e marr\u00ebvshjeve t\u00eb treg\u00ebtis\u00eb mes tyre. Ministria e Ekonomis\u00eb b\u00ebn me dije se nj\u00eb vendimarrje e till\u00eb e komisionit t\u00eb vler\u00ebsimit vjen p\u00ebr her\u00eb t\u00eb par\u00eb n\u00eb mbrojte t\u00eb ekonomis\u00eb s\u00eb vendit. Nd\u00ebrsa sipas ligjit antidumping mbi baz\u00ebn e t\u00eb cilit \u00ebsht\u00eb marr\u00eb edhe vendimi p\u00ebr hetimin e qum\u00ebshtit UHT, p\u00ebrcakton se procedurat e hetimit do t\u00eb fillojn\u00eb 200 dit\u00eb pas marrjes s\u00eb vendimit.<\/p>\n","protected":false},"excerpt":{"rendered":"<p>Hetim qum\u00ebshtit t\u00eb pasterizuar, UHT t\u00eb importit nga qeveria shqiptare vjen si nj\u00eb p\u00ebrgjigje kryesisht p\u00ebr importin e k\u00ebtij produkti<span class=\"excerpt-hellip\"> [\u2026]<\/span><\/p>\n","protected":false},"author":2,"featured_media":3687,"comment_status":"closed","ping_status":"closed","sticky":false,"template":"","format":"standard","meta":{"_eb_attr":"","footnotes":""},"categories":[47],"tags":[],"class_list":["post-3686","post","type-post","status-publish","format-standard","has-post-thumbnail","hentry","category-njoftime"],"_links":{"self":[{"href":"https:\/\/www.prodhuesit.org\/index.php?rest_route=\/wp\/v2\/posts\/3686","targetHints":{"allow":["GET"]}}],"collection":[{"href":"https:\/\/www.prodhuesit.org\/index.php?rest_route=\/wp\/v2\/posts"}],"about":[{"href":"https:\/\/www.prodhuesit.org\/index.php?rest_route=\/wp\/v2\/types\/post"}],"author":[{"embeddable":true,"href":"https:\/\/www.prodhuesit.org\/index.php?rest_route=\/wp\/v2\/users\/2"}],"replies":[{"embeddable":true,"href":"https:\/\/www.prodhuesit.org\/index.php?rest_route=%2Fwp%2Fv2%2Fcomments&post=3686"}],"version-history":[{"count":2,"href":"https:\/\/www.prodhuesit.org\/index.php?rest_route=\/wp\/v2\/posts\/3686\/revisions"}],"predecessor-version":[{"id":3689,"href":"https:\/\/www.prodhuesit.org\/index.php?rest_route=\/wp\/v2\/posts\/3686\/revisions\/3689"}],"wp:featuredmedia":[{"embeddable":true,"href":"https:\/\/www.prodhuesit.org\/index.php?rest_route=\/wp\/v2\/media\/3687"}],"wp:attachment":[{"href":"https:\/\/www.prodhuesit.org\/index.php?rest_route=%2Fwp%2Fv2%2Fmedia&parent=3686"}],"wp:term":[{"taxonomy":"category","embeddable":true,"href":"https:\/\/www.prodhuesit.org\/index.php?rest_route=%2Fwp%2Fv2%2Fcategories&post=3686"},{"taxonomy":"post_tag","embeddable":true,"href":"https:\/\/www.prodhuesit.org\/index.php?rest_route=%2Fwp%2Fv2%2Ftags&post=3686"}],"curies":[{"name":"wp","href":"https:\/\/api.w.org\/{rel}","templated":true}]}}